{"id":1127,"date":"2023-06-26T07:47:26","date_gmt":"2023-06-26T10:47:26","guid":{"rendered":"https:\/\/foro-vinc.ricyt.org\/?p=1127"},"modified":"2024-08-05T16:49:23","modified_gmt":"2024-08-05T19:49:23","slug":"1127","status":"publish","type":"post","link":"https:\/\/foro-vinc.ricyt.org\/?p=1127","title":{"rendered":"Taller virtual: &#8220;Di\u00e1logos sobre redes de vinculaci\u00f3n y transferencia de tecnolog\u00eda&#8221;"},"content":{"rendered":"\n<p class=\"has-text-align-center\"><\/p>\n\n\n\n<p><\/p>\n\n\n\n<p>El mi\u00e9rcoles 5 de julio se llev\u00f3 adelante el taller &#8220;Di\u00e1logos sobre redes de vinculaci\u00f3n y transferencia de tecnolog\u00eda&#8221;, con el objetivo de crear un espacio de discusi\u00f3n sobre la <strong>problem\u00e1tica de la vinculaci\u00f3n y transferencia tecnol\u00f3gica <\/strong>desde las universidades y las instituciones p\u00fablicas de I+D con la sociedad.<\/p>\n\n\n\n<p>El taller cont\u00f3 con palabras de apertura de Luis Scasso, Director de la Oficina en Argentina de OEI, y de Rodolfo Barrere, Coordinador del Observatorio CTS de la OEI.  El encuentro fue moderado por Dar\u00edo Codner, de la Universidad Nacional de Quilmes y miembro del equipo de coordinaci\u00f3n del Foro. coordinaci\u00f3n interinstitucional.<\/p>\n\n\n\n<p><\/p>\n\n\n\n<p>Los participantes, responsables de las redes institucionales de vinculaci\u00f3n y transferencia tecnol\u00f3gica, que centraron su presentaci\u00f3n en torno a los facilitadores y barreras para la transferencia de tecnolog\u00eda fueron:<\/p>\n\n\n\n<p><strong>Mireia Riera Dur\u00e1n<\/strong> (REDOTRI-Espa\u00f1a) <\/p>\n\n\n\n<p><strong>Javier Lottersberger <\/strong>(REDVITEC-Argentina) <\/p>\n\n\n\n<p><strong>Carlos Maynor Salinas<\/strong> (REDOTT- M\u00e9xico)<\/p>\n\n\n\n<p>Luego se gener\u00f3 un interesante intercambio de ideas con el p\u00fablico virtual del taller.<\/p>\n\n\n<div class=\"wp-block-image\">\n<figure class=\"aligncenter size-large is-resized\"><img decoding=\"async\" loading=\"lazy\" src=\"https:\/\/foro-vinc.ricyt.org\/wp-content\/uploads\/2021\/11\/lucesconectada-1024x576.jpg\" alt=\"\" class=\"wp-image-796\" style=\"width:522px;height:293px\" width=\"522\" height=\"293\" srcset=\"https:\/\/foro-vinc.ricyt.org\/wp-content\/uploads\/2021\/11\/lucesconectada-1024x576.jpg 1024w, https:\/\/foro-vinc.ricyt.org\/wp-content\/uploads\/2021\/11\/lucesconectada-300x169.jpg 300w, https:\/\/foro-vinc.ricyt.org\/wp-content\/uploads\/2021\/11\/lucesconectada-768x432.jpg 768w, https:\/\/foro-vinc.ricyt.org\/wp-content\/uploads\/2021\/11\/lucesconectada.jpg 1280w\" sizes=\"(max-width: 522px) 100vw, 522px\" \/><\/figure><\/div>\n\n\n<p>Acceda a continuaci\u00f3n al video del taller. <\/p>\n\n\n\n<!--more-->\n\n\n\n<div style=\"padding:56.25% 0 0 0;position:relative;\"><iframe src=\"https:\/\/player.vimeo.com\/video\/845948875?badge=0&amp;autopause=0&amp;player_id=0&amp;app_id=58479\" frameborder=\"0\" allow=\"autoplay; fullscreen; picture-in-picture\" allowfullscreen style=\"position:absolute;top:0;left:0;width:100%;height:100%;\" title=\"Foro Iberoamericano de Vinculaci\u00f3n-20230705_110319-Grabaci\u00f3n de la reuni\u00f3n (Copy)\"><\/iframe><\/div><script src=\"https:\/\/player.vimeo.com\/api\/player.js\"><\/script>\n","protected":false},"excerpt":{"rendered":"<p>El mi\u00e9rcoles 5 de julio se llev\u00f3 adelante el taller &#8220;Di\u00e1logos sobre redes de vinculaci\u00f3n y transferencia de tecnolog\u00eda&#8221;, con el objetivo de crear un espacio de discusi\u00f3n sobre la problem\u00e1tica de la vinculaci\u00f3n y transferencia tecnol\u00f3gica desde las universidades y las instituciones p\u00fablicas de I+D con la sociedad. El<a class=\"read-more\" href=\"https:\/\/foro-vinc.ricyt.org\/?p=1127\"> ( more&#8230; )<\/a><\/p>\n","protected":false},"author":1,"featured_media":0,"comment_status":"closed","ping_status":"open","sticky":false,"template":"","format":"standard","meta":{"footnotes":""},"categories":[4,5],"tags":[],"_links":{"self":[{"href":"https:\/\/foro-vinc.ricyt.org\/index.php?rest_route=\/wp\/v2\/posts\/1127"}],"collection":[{"href":"https:\/\/foro-vinc.ricyt.org\/index.php?rest_route=\/wp\/v2\/posts"}],"about":[{"href":"https:\/\/foro-vinc.ricyt.org\/index.php?rest_route=\/wp\/v2\/types\/post"}],"author":[{"embeddable":true,"href":"https:\/\/foro-vinc.ricyt.org\/index.php?rest_route=\/wp\/v2\/users\/1"}],"replies":[{"embeddable":true,"href":"https:\/\/foro-vinc.ricyt.org\/index.php?rest_route=%2Fwp%2Fv2%2Fcomments&post=1127"}],"version-history":[{"count":12,"href":"https:\/\/foro-vinc.ricyt.org\/index.php?rest_route=\/wp\/v2\/posts\/1127\/revisions"}],"predecessor-version":[{"id":1152,"href":"https:\/\/foro-vinc.ricyt.org\/index.php?rest_route=\/wp\/v2\/posts\/1127\/revisions\/1152"}],"wp:attachment":[{"href":"https:\/\/foro-vinc.ricyt.org\/index.php?rest_route=%2Fwp%2Fv2%2Fmedia&parent=1127"}],"wp:term":[{"taxonomy":"category","embeddable":true,"href":"https:\/\/foro-vinc.ricyt.org\/index.php?rest_route=%2Fwp%2Fv2%2Fcategories&post=1127"},{"taxonomy":"post_tag","embeddable":true,"href":"https:\/\/foro-vinc.ricyt.org\/index.php?rest_route=%2Fwp%2Fv2%2Ftags&post=1127"}],"curies":[{"name":"wp","href":"https:\/\/api.w.org\/{rel}","templated":true}]}}