{"id":1153,"date":"2023-11-15T11:03:39","date_gmt":"2023-11-15T14:03:39","guid":{"rendered":"https:\/\/foro-vinc.ricyt.org\/?p=1153"},"modified":"2024-08-05T16:49:16","modified_gmt":"2024-08-05T19:49:16","slug":"taller-virtual-dialogos-sobre-redes-de-vinculacion-y-transferencia-de-tecnologias","status":"publish","type":"post","link":"https:\/\/foro-vinc.ricyt.org\/?p=1153","title":{"rendered":"Taller Virtual: \u201cDi\u00e1logos sobre redes de vinculaci\u00f3n y transferencia de tecnolog\u00edas\u201d"},"content":{"rendered":"<div class=\"wp-block-image\">\n<figure class=\"aligncenter size-full\"><img decoding=\"async\" loading=\"lazy\" width=\"568\" height=\"284\" src=\"https:\/\/foro-vinc.ricyt.org\/wp-content\/uploads\/2023\/11\/Imagen-1.png\" alt=\"\" class=\"wp-image-1154\" srcset=\"https:\/\/foro-vinc.ricyt.org\/wp-content\/uploads\/2023\/11\/Imagen-1.png 568w, https:\/\/foro-vinc.ricyt.org\/wp-content\/uploads\/2023\/11\/Imagen-1-300x150.png 300w\" sizes=\"(max-width: 568px) 100vw, 568px\" \/><\/figure><\/div>\n\n\n<p>Con el prop\u00f3sito de abordar la gesti\u00f3n de la vinculaci\u00f3n y la transferencia tecnol\u00f3gica desde la perspectiva del gestor, el 27 de septiembre se realiz\u00f3 el Taller Virtual \u201cDi\u00e1logos sobre redes de vinculaci\u00f3n y transferencia de tecnolog\u00edas\u201d. <\/p>\n\n\n\n<p>Tras las palabras de apertura de Rodolfo Barrere, coordinador del OCTS y la RICYT, se present\u00f3 un panel con responsables de tres redes de profesionales de cuatro pa\u00edses de la regi\u00f3n: Norma Liliana Rabal (presidenta de la Red Argentina de Gestores Tecnol\u00f3gicos), Fernando Venegas (presidente de la Red de Gestores Tecnol\u00f3gicos de Chile), Eduardo Fuentes (miembro de la Red de Oficinas y Gestores de Transferencia de Tecnolog\u00eda de Per\u00fa) y Marli Elizabeth Ritter dos Santos (integrante de la Junta Directiva del Foro Nacional de Gestores de Innovaci\u00f3n y Transferencia de Tecnolog\u00eda de Brasil).<\/p>\n\n\n\n<!--more-->\n\n\n\n<p>El di\u00e1logo entre los ponentes, moderado por Dar\u00edo Codner (investigador de la Universidad Nacional de Quilmes, Argentina, y miembro de coordinaci\u00f3n del Foro), vers\u00f3 sobre los alcances y las limitaciones de las redes de profesionales en materia de vinculaci\u00f3n universidad-entorno, as\u00ed como sobre el papel de los facilitadores y las barreras existentes en nuestros pa\u00edses para la coordinaci\u00f3n entre redes. Luego de las presentaciones, hubo espacio para intercambios con el auditorio, que estuvo compuesto por m\u00e1s de 80 personas, entre funcionarios, t\u00e9cnicos, investigadores y p\u00fablico en general, y plante\u00f3 interesantes preguntas a los integrantes del panel.<\/p>\n\n\n\n<p>De este modo, se cumpli\u00f3 una vez m\u00e1s con la misi\u00f3n primaria del Foro, que busca consolidar un \u00e1mbito de debate sobre la problem\u00e1tica de la vinculaci\u00f3n y la transferencia tecnol\u00f3gica desde las universidades y las instituciones p\u00fablicas de I+D hacia la sociedad, a trav\u00e9s de un formato en el que se destaquen logros, dificultades y experiencias concretas, sean exitosas o no.<\/p>\n\n\n\n<p><\/p>\n\n\n\n<iframe loading=\"lazy\" width=\"560\" height=\"315\" src=\"https:\/\/www.youtube.com\/embed\/RW_HMnO55dU?si=eJ9WXw7QlcGZIW34\" title=\"YouTube video player\" frameborder=\"0\" allow=\"accelerometer; autoplay; clipboard-write; encrypted-media; gyroscope; picture-in-picture; web-share\" allowfullscreen><\/iframe>\n","protected":false},"excerpt":{"rendered":"<p>Con el prop\u00f3sito de abordar la gesti\u00f3n de la vinculaci\u00f3n y la transferencia tecnol\u00f3gica desde la perspectiva del gestor, el 27 de septiembre se realiz\u00f3 el Taller Virtual \u201cDi\u00e1logos sobre redes de vinculaci\u00f3n y transferencia de tecnolog\u00edas\u201d. Tras las palabras de apertura de Rodolfo Barrere, coordinador del OCTS y la<a class=\"read-more\" href=\"https:\/\/foro-vinc.ricyt.org\/?p=1153\"> ( more&#8230; )<\/a><\/p>\n","protected":false},"author":1,"featured_media":0,"comment_status":"closed","ping_status":"open","sticky":false,"template":"","format":"standard","meta":{"footnotes":""},"categories":[4,5],"tags":[],"_links":{"self":[{"href":"https:\/\/foro-vinc.ricyt.org\/index.php?rest_route=\/wp\/v2\/posts\/1153"}],"collection":[{"href":"https:\/\/foro-vinc.ricyt.org\/index.php?rest_route=\/wp\/v2\/posts"}],"about":[{"href":"https:\/\/foro-vinc.ricyt.org\/index.php?rest_route=\/wp\/v2\/types\/post"}],"author":[{"embeddable":true,"href":"https:\/\/foro-vinc.ricyt.org\/index.php?rest_route=\/wp\/v2\/users\/1"}],"replies":[{"embeddable":true,"href":"https:\/\/foro-vinc.ricyt.org\/index.php?rest_route=%2Fwp%2Fv2%2Fcomments&post=1153"}],"version-history":[{"count":1,"href":"https:\/\/foro-vinc.ricyt.org\/index.php?rest_route=\/wp\/v2\/posts\/1153\/revisions"}],"predecessor-version":[{"id":1155,"href":"https:\/\/foro-vinc.ricyt.org\/index.php?rest_route=\/wp\/v2\/posts\/1153\/revisions\/1155"}],"wp:attachment":[{"href":"https:\/\/foro-vinc.ricyt.org\/index.php?rest_route=%2Fwp%2Fv2%2Fmedia&parent=1153"}],"wp:term":[{"taxonomy":"category","embeddable":true,"href":"https:\/\/foro-vinc.ricyt.org\/index.php?rest_route=%2Fwp%2Fv2%2Fcategories&post=1153"},{"taxonomy":"post_tag","embeddable":true,"href":"https:\/\/foro-vinc.ricyt.org\/index.php?rest_route=%2Fwp%2Fv2%2Ftags&post=1153"}],"curies":[{"name":"wp","href":"https:\/\/api.w.org\/{rel}","templated":true}]}}