{"id":1157,"date":"2023-11-27T08:00:14","date_gmt":"2023-11-27T11:00:14","guid":{"rendered":"https:\/\/foro-vinc.ricyt.org\/?p=1157"},"modified":"2023-11-27T08:10:33","modified_gmt":"2023-11-27T11:10:33","slug":"proyecto-pisac-mapeando-la-heterogeneidad-estructural-y-capacidades-diferenciales-de-produccion-y-circulacion-de-conocimientos-en-argentina-2022-2024-indicadores-de-espacialidad-academica","status":"publish","type":"post","link":"https:\/\/foro-vinc.ricyt.org\/?p=1157","title":{"rendered":"Proyecto PISAC: \u2018Mapeando la heterogeneidad estructural y capacidades diferenciales de producci\u00f3n y circulaci\u00f3n de conocimientos en Argentina (2022-2024): indicadores de espacialidad acad\u00e9mica para la formulaci\u00f3n de pol\u00edticas de redistribuci\u00f3n-fortalecimiento CTI, con enfoque federal, multidisciplinar y de g\u00e9nero\u2019"},"content":{"rendered":"\n<p>El <strong><a href=\"http:\/\/www.centroredes.org.ar\/index.php\/heterogeneidad-estructural\/\">Centro REDES<\/a> <\/strong>(Argentina) coordina uno de los 12 nodos que forman parte del proyecto ganador del <em>Programa de Investigaci\u00f3n sobre la Sociedad Argentina Contempor\u00e1nea<\/em> &#8211;<a href=\"https:\/\/www.argentina.gob.ar\/ciencia\/financiamiento\/pisac-2022\" data-type=\"link\" data-id=\"https:\/\/www.argentina.gob.ar\/ciencia\/financiamiento\/pisac-2022\"><strong>PISAC<\/strong>&#8211; del <strong>Plan Nacional CTI 2030<\/strong><\/a>, del Ministerio de Ciencia y Tecnolog\u00eda de la Naci\u00f3n &#8211;<strong>MINCYT<\/strong>. El proyecto se titula \u2018Mapeando la heterogeneidad estructural y capacidades diferenciales de producci\u00f3n y circulaci\u00f3n de conocimientos en Argentina (2022-2024): indicadores de espacialidad acad\u00e9mica para la formulaci\u00f3n de pol\u00edticas de redistribuci\u00f3n-fortalecimiento CTI, con enfoque federal, multidisciplinar y de g\u00e9nero\u2019 y es liderado por la <a href=\"https:\/\/www.facso.unsj.edu.ar\/noticias\/noticia\/462\/inicio-el-proyecto-pisac-sobre-asimetrias-nacionales-en-ciencia-tecnologia-e-innovacion-coordinado-desde-la-unsj\"><strong>Universidad Nacional de San Juan<\/strong><\/a> (Argentina).<\/p>\n\n\n\n<p>57 investigadores representantes de los 12 nodos forman parte del proyecto y trabajan en red a nivel nacional distribuidos en las siete regiones acad\u00e9micas previstas en la convocatoria PISAC: Cuyo, Patagonia, Noroeste, Centro, Noreste\/Litoral, regi\u00f3n pampeana y Gran Buenos Aires. Esta \u00faltima regi\u00f3n est\u00e1 representada por el equipo de investigaci\u00f3n del Centro REDES, compuesto por Mar\u00eda Elina Est\u00e9banez (presidenta del Centro REDES), Natalia Bas y Sacha Lione.<\/p>\n\n\n\n<p>El proyecto se inserta en el eje tem\u00e1tico de la convocatoria, \u201cAsimetr\u00edas territoriales en capacidades cient\u00edfico-tecnol\u00f3gicas&#8221;, y busca entender la din\u00e1mica del\u00a0desarrollo CTI en Argentina y su heterogeneidad en relaci\u00f3n a los procesos de producci\u00f3n, circulaci\u00f3n y acceso al conocimiento, as\u00ed como las trayectorias diferenciales de los investigadores en relaci\u00f3n a dichos procesos. El aporte del equipo del Centro REDES al proyecto general es la formulaci\u00f3n de un conjunto de indicadores para el relevamiento de informaci\u00f3n sobre la vinculaci\u00f3n universitaria con sus entornos socioecon\u00f3micos. Dicha herramienta ser\u00e1 aplicada en 11 universidades nacionales representantes de las siete regiones acad\u00e9micas del pa\u00eds. El an\u00e1lisis de la informaci\u00f3n relevada har\u00e1 posible elaborar un diagn\u00f3stico del fen\u00f3meno de la vinculaci\u00f3n a nivel nacional, con particular foco en la medici\u00f3n y an\u00e1lisis de fen\u00f3menos de movilizaci\u00f3n de conocimientos CTI, de acuerdo a los objetivos del proyecto PISAC.<\/p>\n\n\n\n<figure class=\"wp-block-image size-full\"><img decoding=\"async\" loading=\"lazy\" width=\"283\" height=\"101\" src=\"https:\/\/foro-vinc.ricyt.org\/wp-content\/uploads\/2023\/11\/image-3.png\" alt=\"\" class=\"wp-image-1162\"\/><\/figure>\n\n\n\n<figure class=\"wp-block-image size-full\"><img decoding=\"async\" loading=\"lazy\" width=\"244\" height=\"120\" src=\"https:\/\/foro-vinc.ricyt.org\/wp-content\/uploads\/2023\/11\/image-4.png\" alt=\"\" class=\"wp-image-1163\"\/><\/figure>\n","protected":false},"excerpt":{"rendered":"<p>El Centro REDES (Argentina) coordina uno de los 12 nodos que forman parte del proyecto ganador del Programa de Investigaci\u00f3n sobre la Sociedad Argentina Contempor\u00e1nea &#8211;PISAC&#8211; del Plan Nacional CTI 2030, del Ministerio de Ciencia y Tecnolog\u00eda de la Naci\u00f3n &#8211;MINCYT. El proyecto se titula \u2018Mapeando la heterogeneidad estructural y<a class=\"read-more\" href=\"https:\/\/foro-vinc.ricyt.org\/?p=1157\"> ( more&#8230; )<\/a><\/p>\n","protected":false},"author":1,"featured_media":0,"comment_status":"closed","ping_status":"open","sticky":false,"template":"","format":"standard","meta":{"footnotes":""},"categories":[1],"tags":[],"_links":{"self":[{"href":"https:\/\/foro-vinc.ricyt.org\/index.php?rest_route=\/wp\/v2\/posts\/1157"}],"collection":[{"href":"https:\/\/foro-vinc.ricyt.org\/index.php?rest_route=\/wp\/v2\/posts"}],"about":[{"href":"https:\/\/foro-vinc.ricyt.org\/index.php?rest_route=\/wp\/v2\/types\/post"}],"author":[{"embeddable":true,"href":"https:\/\/foro-vinc.ricyt.org\/index.php?rest_route=\/wp\/v2\/users\/1"}],"replies":[{"embeddable":true,"href":"https:\/\/foro-vinc.ricyt.org\/index.php?rest_route=%2Fwp%2Fv2%2Fcomments&post=1157"}],"version-history":[{"count":3,"href":"https:\/\/foro-vinc.ricyt.org\/index.php?rest_route=\/wp\/v2\/posts\/1157\/revisions"}],"predecessor-version":[{"id":1166,"href":"https:\/\/foro-vinc.ricyt.org\/index.php?rest_route=\/wp\/v2\/posts\/1157\/revisions\/1166"}],"wp:attachment":[{"href":"https:\/\/foro-vinc.ricyt.org\/index.php?rest_route=%2Fwp%2Fv2%2Fmedia&parent=1157"}],"wp:term":[{"taxonomy":"category","embeddable":true,"href":"https:\/\/foro-vinc.ricyt.org\/index.php?rest_route=%2Fwp%2Fv2%2Fcategories&post=1157"},{"taxonomy":"post_tag","embeddable":true,"href":"https:\/\/foro-vinc.ricyt.org\/index.php?rest_route=%2Fwp%2Fv2%2Ftags&post=1157"}],"curies":[{"name":"wp","href":"https:\/\/api.w.org\/{rel}","templated":true}]}}