{"id":1196,"date":"2024-07-19T16:33:54","date_gmt":"2024-07-19T19:33:54","guid":{"rendered":"https:\/\/foro-vinc.ricyt.org\/?p=1196"},"modified":"2024-08-26T14:57:47","modified_gmt":"2024-08-26T17:57:47","slug":"1196","status":"publish","type":"post","link":"https:\/\/foro-vinc.ricyt.org\/?p=1196","title":{"rendered":"TALLER VIRTUAL: Investigaci\u00f3n y Desarrollo en Inteligencia Artificial"},"content":{"rendered":"\n<p><strong>Con el objetivo de pensar la vinculaci\u00f3n tecnol\u00f3gica en el contexto de la investigaci\u00f3n y desarrollo en materia de inteligencia artificial (IA), el 15 de agosto se llev\u00f3 adelante un nuevo Taller Virtual del Foro Iberoamericano de Vinculaci\u00f3n. El encuentro fue organizado por el Observatorio Iberoamericano de la Ciencia, la Tecnolog\u00eda y la Sociedad (OCTS) de la OEI y congreg\u00f3 a un centenar de personas entre funcionarios, expertos, miembros del foro y p\u00fablico en general.<\/strong><\/p>\n\n\n\n<iframe loading=\"lazy\" width=\"750\" height=\"422\" src=\"https:\/\/www.youtube.com\/embed\/qGDKOxAS2fc?si=WBvVUsLSQXxu9OC2\" title=\"YouTube video player\" frameborder=\"0\" allow=\"accelerometer; autoplay; clipboard-write; encrypted-media; gyroscope; picture-in-picture; web-share\" referrerpolicy=\"strict-origin-when-cross-origin\" allowfullscreen><\/iframe>\n\n\n\n<p><\/p>\n\n\n\n<!--more-->\n\n\n\n<p>Durante las palabras de apertura,&nbsp;<strong>Alejandro \u00c1lvarez<\/strong>, subsecretario de pol\u00edticas universitarias de la Rep\u00fablica Argentina, ponder\u00f3 el desaf\u00edo que implicar\u00e1 la expansi\u00f3n de las nuevas tecnolog\u00edas para un \u00e1mbito -el universitario- que est\u00e1 compuesto por instituciones de suma importancia cuyo transcurrir siempre estuvo relacionado con la estabilidad y el mantenimiento de las tradiciones. \u201cNace un nuevo universo de cosas en el que la capacidad adaptativa ser\u00e1 fundamental\u201d, dijo \u00c1lvarez. \u201cEspacios como este foro nos permiten reflexionar por fuera del sentido com\u00fan y con mucha profundidad para aprender a relacionarnos con ese nuevo universo.\u201d<\/p>\n\n\n\n<p>Por su parte,<strong>\u00a0Luis Scasso<\/strong>, director de OEI Argentina, consider\u00f3 que el crecimiento de las tecnolog\u00edas digitales tiene mucho que ver con el desarrollo de la investigaci\u00f3n cient\u00edfica en las universidades. \u201cLa intersecci\u00f3n entre el sistema educativo y el productivo tiene una relevancia marcada para el trabajo que hacemos en OEI. Nos interesa ayudar a que ambos sectores evolucionen y se logren mejores condiciones para el alcance de la riqueza y de mayores niveles de empleo\u201d, declar\u00f3 Scasso.<\/p>\n\n\n\n<p>Con la moderaci\u00f3n de&nbsp;<strong>Natalia Bas<\/strong>, el taller sirvi\u00f3 de plataforma para el proyecto \u201cInteligencia Artificial y Vinculaci\u00f3n Universitaria: Un Estudio Cualitativo de las Modalidades de Interacci\u00f3n en la Regi\u00f3n\u201d, a cargo de Mar\u00eda Elina Est\u00e9banez (Centro REDES, Argentina), presentaci\u00f3n que Pablo Jacovkis (Universidad Nacional de Tres de Febrero, UNTREF, Argentina) continu\u00f3 con un an\u00e1lisis acerca de la IA y los m\u00faltiples modos en que puede beneficiar o dificultar el quehacer cient\u00edfico. Tambi\u00e9n, a partir de la exposici\u00f3n de Rodolfo Barrere, hubo lugar para desentra\u00f1ar las estad\u00edsticas recabadas por el Observatorio Iberoamericano de la Ciencia, la Tecnolog\u00eda y la Sociedad (OCTS) de la OEI en materia de desaf\u00edos y oportunidades para la inteligencia artificial en Iberoam\u00e9rica.<\/p>\n\n\n\n<p><strong>Gabriela Sued<\/strong>, de la Universidad Nacional Aut\u00f3noma de M\u00e9xico (UNAM), disert\u00f3 sobre las distintas aproximaciones que vienen d\u00e1ndose en la investigaci\u00f3n mexicana en el terreno de la IA, as\u00ed como las fortalezas y las \u00e1reas de oportunidad que se visibilizan gracias a esos esfuerzos de investigaci\u00f3n, mientras que Marcela Ricosta, de UNTREF, llev\u00f3 a cabo el panel \u201cPotenciando la innovaci\u00f3n: vinculaci\u00f3n tecnol\u00f3gica e Inteligencia Artificial en universidades latinoamericanas a trav\u00e9s de la vigilancia tecnol\u00f3gica\u201d.<\/p>\n\n\n\n<p>Antes del cierre del encuentro, se dio paso a una ronda de preguntas y respuestas con el p\u00fablico que propici\u00f3 interesantes intercambios acerca de la tem\u00e1tica abordada.<\/p>\n\n\n\n<p class=\"has-text-align-center\"><a href=\"https:\/\/foro-vinc.ricyt.org\/wp-content\/uploads\/2024\/08\/webinar_vinculacion-IA.pdf\"><strong><mark style=\"background-color:rgba(0, 0, 0, 0)\" class=\"has-inline-color has-vivid-cyan-blue-color\">Descargar aqu\u00ed la agenda y el link de conexi\u00f3n<\/mark><\/strong><\/a><\/p>\n\n\n\n<p><\/p>\n","protected":false},"excerpt":{"rendered":"<p>Con el objetivo de pensar la vinculaci\u00f3n tecnol\u00f3gica en el contexto de la investigaci\u00f3n y desarrollo en materia de inteligencia artificial (IA), el 15 de agosto se llev\u00f3 adelante un nuevo Taller Virtual del Foro Iberoamericano de Vinculaci\u00f3n. El encuentro fue organizado por el Observatorio Iberoamericano de la Ciencia, la<a class=\"read-more\" href=\"https:\/\/foro-vinc.ricyt.org\/?p=1196\"> ( more&#8230; )<\/a><\/p>\n","protected":false},"author":1,"featured_media":1213,"comment_status":"closed","ping_status":"open","sticky":false,"template":"","format":"standard","meta":{"footnotes":""},"categories":[5],"tags":[],"_links":{"self":[{"href":"https:\/\/foro-vinc.ricyt.org\/index.php?rest_route=\/wp\/v2\/posts\/1196"}],"collection":[{"href":"https:\/\/foro-vinc.ricyt.org\/index.php?rest_route=\/wp\/v2\/posts"}],"about":[{"href":"https:\/\/foro-vinc.ricyt.org\/index.php?rest_route=\/wp\/v2\/types\/post"}],"author":[{"embeddable":true,"href":"https:\/\/foro-vinc.ricyt.org\/index.php?rest_route=\/wp\/v2\/users\/1"}],"replies":[{"embeddable":true,"href":"https:\/\/foro-vinc.ricyt.org\/index.php?rest_route=%2Fwp%2Fv2%2Fcomments&post=1196"}],"version-history":[{"count":14,"href":"https:\/\/foro-vinc.ricyt.org\/index.php?rest_route=\/wp\/v2\/posts\/1196\/revisions"}],"predecessor-version":[{"id":1225,"href":"https:\/\/foro-vinc.ricyt.org\/index.php?rest_route=\/wp\/v2\/posts\/1196\/revisions\/1225"}],"wp:featuredmedia":[{"embeddable":true,"href":"https:\/\/foro-vinc.ricyt.org\/index.php?rest_route=\/wp\/v2\/media\/1213"}],"wp:attachment":[{"href":"https:\/\/foro-vinc.ricyt.org\/index.php?rest_route=%2Fwp%2Fv2%2Fmedia&parent=1196"}],"wp:term":[{"taxonomy":"category","embeddable":true,"href":"https:\/\/foro-vinc.ricyt.org\/index.php?rest_route=%2Fwp%2Fv2%2Fcategories&post=1196"},{"taxonomy":"post_tag","embeddable":true,"href":"https:\/\/foro-vinc.ricyt.org\/index.php?rest_route=%2Fwp%2Fv2%2Ftags&post=1196"}],"curies":[{"name":"wp","href":"https:\/\/api.w.org\/{rel}","templated":true}]}}