{"id":719,"date":"2021-10-19T10:50:50","date_gmt":"2021-10-19T13:50:50","guid":{"rendered":"https:\/\/foro-vinc.ricyt.org\/?p=719"},"modified":"2022-08-20T18:28:09","modified_gmt":"2022-08-20T21:28:09","slug":"entrevista-a-jose-luis-solleiro","status":"publish","type":"post","link":"https:\/\/foro-vinc.ricyt.org\/?p=719","title":{"rendered":"Jos\u00e9 Luis Solleiro"},"content":{"rendered":"\n<figure class=\"wp-block-table is-style-stripes\"><table><tbody><tr><td><img decoding=\"async\" loading=\"lazy\" width=\"332\" height=\"513\" class=\"wp-image-272\" style=\"width: 700px;\" src=\"https:\/\/foro-vinc.ricyt.org\/wp-content\/uploads\/2021\/09\/FOTO-1-DR-SOLLEIRO.jpg\" alt=\"\" srcset=\"https:\/\/foro-vinc.ricyt.org\/wp-content\/uploads\/2021\/09\/FOTO-1-DR-SOLLEIRO.jpg 332w, https:\/\/foro-vinc.ricyt.org\/wp-content\/uploads\/2021\/09\/FOTO-1-DR-SOLLEIRO-194x300.jpg 194w\" sizes=\"(max-width: 332px) 100vw, 332px\" \/><\/td><td>Investigador del Instituto de Ciencias Aplicadas y Tecnolog\u00eda de la Universidad Nacional Aut\u00f3noma de M\u00e9xico (UNAM). Fue Director General de Vinculaci\u00f3n de la UNAM entre 2008 y 2012 y es fundador y presidente de&nbsp;<strong><a href=\"http:\/\/cambiotec.org.mx\/site\/nosotros\/\">CamBioTec<\/a><\/strong>.<br><br><strong>\u00bfCu\u00e1les son los aspectos cr\u00edticos para gestionar la vinculaci\u00f3n tecnol\u00f3gica universitaria?<\/strong><br><strong>\u00bfQu\u00e9 se necesita para lograr una relaci\u00f3n s\u00f3lida con la industria?<\/strong><\/td><td><a href=\"https:\/\/www.youtube.com\/watch?v=Cd3uYzDobiI\" target=\"_blank\" rel=\"noreferrer noopener\"><img decoding=\"async\" loading=\"lazy\" width=\"185\" height=\"183\" class=\"wp-image-976\" style=\"width: 700px;\" src=\"https:\/\/foro-vinc.ricyt.org\/wp-content\/uploads\/2021\/10\/Veraqui\u0301.png\" alt=\"\"><\/a><\/td><\/tr><\/tbody><\/table><\/figure>\n","protected":false},"excerpt":{"rendered":"<p>Investigador del Instituto de Ciencias Aplicadas y Tecnolog\u00eda de la Universidad Nacional Aut\u00f3noma de M\u00e9xico (UNAM). Fue Director General de Vinculaci\u00f3n de la UNAM entre 2008 y 2012 y es fundador y presidente de&nbsp;CamBioTec. \u00bfCu\u00e1les son los aspectos cr\u00edticos para gestionar la vinculaci\u00f3n tecnol\u00f3gica universitaria?\u00bfQu\u00e9 se necesita para lograr una<a class=\"read-more\" href=\"https:\/\/foro-vinc.ricyt.org\/?p=719\"> ( more&#8230; )<\/a><\/p>\n","protected":false},"author":1,"featured_media":0,"comment_status":"open","ping_status":"open","sticky":false,"template":"","format":"standard","meta":{"footnotes":""},"categories":[10,4,5],"tags":[],"_links":{"self":[{"href":"https:\/\/foro-vinc.ricyt.org\/index.php?rest_route=\/wp\/v2\/posts\/719"}],"collection":[{"href":"https:\/\/foro-vinc.ricyt.org\/index.php?rest_route=\/wp\/v2\/posts"}],"about":[{"href":"https:\/\/foro-vinc.ricyt.org\/index.php?rest_route=\/wp\/v2\/types\/post"}],"author":[{"embeddable":true,"href":"https:\/\/foro-vinc.ricyt.org\/index.php?rest_route=\/wp\/v2\/users\/1"}],"replies":[{"embeddable":true,"href":"https:\/\/foro-vinc.ricyt.org\/index.php?rest_route=%2Fwp%2Fv2%2Fcomments&post=719"}],"version-history":[{"count":10,"href":"https:\/\/foro-vinc.ricyt.org\/index.php?rest_route=\/wp\/v2\/posts\/719\/revisions"}],"predecessor-version":[{"id":996,"href":"https:\/\/foro-vinc.ricyt.org\/index.php?rest_route=\/wp\/v2\/posts\/719\/revisions\/996"}],"wp:attachment":[{"href":"https:\/\/foro-vinc.ricyt.org\/index.php?rest_route=%2Fwp%2Fv2%2Fmedia&parent=719"}],"wp:term":[{"taxonomy":"category","embeddable":true,"href":"https:\/\/foro-vinc.ricyt.org\/index.php?rest_route=%2Fwp%2Fv2%2Fcategories&post=719"},{"taxonomy":"post_tag","embeddable":true,"href":"https:\/\/foro-vinc.ricyt.org\/index.php?rest_route=%2Fwp%2Fv2%2Ftags&post=719"}],"curies":[{"name":"wp","href":"https:\/\/api.w.org\/{rel}","templated":true}]}}